{"id":23405,"date":"2025-02-08T19:12:41","date_gmt":"2025-02-08T18:12:41","guid":{"rendered":"https:\/\/franja.org\/?p=23405"},"modified":"2025-02-08T19:12:42","modified_gmt":"2025-02-08T18:12:42","slug":"handover-of-rudi-valencics-bicycle","status":"publish","type":"post","link":"https:\/\/franja.org\/en\/handover-of-rudi-valencics-bicycle\/","title":{"rendered":"Handover of Rudi Valen\u010di\u010d&#8217;s bicycle"},"content":{"rendered":"\n<figure class=\"wp-block-image size-large is-resized\"><img fetchpriority=\"high\" decoding=\"async\" width=\"1200\" height=\"900\" src=\"https:\/\/franja.org\/wp-content\/uploads\/2025\/02\/476462554_1119668066624818_8731958585685878071_n-1200x900.jpg\" alt=\"\" class=\"wp-image-23403\" style=\"width:1000px\" srcset=\"https:\/\/franja.org\/wp-content\/uploads\/2025\/02\/476462554_1119668066624818_8731958585685878071_n-1200x900.jpg 1200w, https:\/\/franja.org\/wp-content\/uploads\/2025\/02\/476462554_1119668066624818_8731958585685878071_n-520x390.jpg 520w, https:\/\/franja.org\/wp-content\/uploads\/2025\/02\/476462554_1119668066624818_8731958585685878071_n-768x576.jpg 768w, https:\/\/franja.org\/wp-content\/uploads\/2025\/02\/476462554_1119668066624818_8731958585685878071_n-1536x1152.jpg 1536w, https:\/\/franja.org\/wp-content\/uploads\/2025\/02\/476462554_1119668066624818_8731958585685878071_n-200x150.jpg 200w, https:\/\/franja.org\/wp-content\/uploads\/2025\/02\/476462554_1119668066624818_8731958585685878071_n.jpg 1600w\" sizes=\"(max-width: 1200px) 100vw, 1200px\" \/><\/figure>\n\n\n\n<p>Rudi Valen\u010di\u010d, the &#8220;eagle from Pivka,&#8221; began with competitive cycling in 1960 as a member of the Cycling Club Rog. Today, the bicycle he used in the 1968 Olympic Games in Mexico was set on display at the National Museum of Contemporary History of Slovenia. Rudi is a great legend for Slovenian cycling with 163 victories in one-day races, both at home and abroad.<\/p>\n\n\n\n<figure class=\"wp-block-image size-large is-resized\"><img decoding=\"async\" width=\"1200\" height=\"900\" src=\"https:\/\/franja.org\/wp-content\/uploads\/2025\/02\/476815959_1119667973291494_3403896247927668086_n-1200x900.jpg\" alt=\"\" class=\"wp-image-23401\" style=\"width:600px\" srcset=\"https:\/\/franja.org\/wp-content\/uploads\/2025\/02\/476815959_1119667973291494_3403896247927668086_n-1200x900.jpg 1200w, https:\/\/franja.org\/wp-content\/uploads\/2025\/02\/476815959_1119667973291494_3403896247927668086_n-520x390.jpg 520w, https:\/\/franja.org\/wp-content\/uploads\/2025\/02\/476815959_1119667973291494_3403896247927668086_n-768x576.jpg 768w, https:\/\/franja.org\/wp-content\/uploads\/2025\/02\/476815959_1119667973291494_3403896247927668086_n-1536x1152.jpg 1536w, https:\/\/franja.org\/wp-content\/uploads\/2025\/02\/476815959_1119667973291494_3403896247927668086_n-200x150.jpg 200w, https:\/\/franja.org\/wp-content\/uploads\/2025\/02\/476815959_1119667973291494_3403896247927668086_n.jpg 1600w\" sizes=\"(max-width: 1200px) 100vw, 1200px\" \/><\/figure>\n\n\n\n<p><\/p>\n","protected":false},"excerpt":{"rendered":"<p>Rudi Valen\u010di\u010d, the &#8220;eagle from Pivka,&#8221; began with competitive cycling in 1960 as a member of the Cycling Club Rog. Today, the bicycle he used in the 1968 Olympic Games in Mexico was set on display at the National Museum of Contemporary History of Slovenia. Rudi is a great legend for Slovenian cycling with 163 [&hellip;]<\/p>\n","protected":false},"author":3,"featured_media":23403,"comment_status":"closed","ping_status":"closed","sticky":false,"template":"","format":"standard","meta":{"_uag_custom_page_level_css":"","footnotes":""},"categories":[144],"tags":[],"class_list":["post-23405","post","type-post","status-publish","format-standard","has-post-thumbnail","hentry","category-news"],"yoast_head":"<!-- This site is optimized with the Yoast SEO plugin v27.2 - https:\/\/yoast.com\/product\/yoast-seo-wordpress\/ -->\n<title>Handover of Rudi Valen\u010di\u010d&#039;s bicycle - Maraton Franja<\/title>\n<meta name=\"robots\" content=\"index, follow, max-snippet:-1, max-image-preview:large, max-video-preview:-1\" \/>\n<link rel=\"canonical\" href=\"https:\/\/franja.org\/en\/handover-of-rudi-valencics-bicycle\/\" \/>\n<meta property=\"og:locale\" content=\"en_US\" \/>\n<meta property=\"og:type\" content=\"article\" \/>\n<meta property=\"og:title\" content=\"Handover of Rudi Valen\u010di\u010d&#039;s bicycle - Maraton Franja\" \/>\n<meta property=\"og:description\" content=\"Rudi Valen\u010di\u010d, the &#8220;eagle from Pivka,&#8221; began with competitive cycling in 1960 as a member of the Cycling Club Rog. Today, the bicycle he used in the 1968 Olympic Games in Mexico was set on display at the National Museum of Contemporary History of Slovenia. Rudi is a great legend for Slovenian cycling with 163 [&hellip;]\" \/>\n<meta property=\"og:url\" content=\"https:\/\/franja.org\/en\/handover-of-rudi-valencics-bicycle\/\" \/>\n<meta property=\"og:site_name\" content=\"Maraton Franja\" \/>\n<meta property=\"article:published_time\" content=\"2025-02-08T18:12:41+00:00\" \/>\n<meta property=\"article:modified_time\" content=\"2025-02-08T18:12:42+00:00\" \/>\n<meta property=\"og:image\" content=\"https:\/\/franja.org\/wp-content\/uploads\/2025\/02\/476462554_1119668066624818_8731958585685878071_n.jpg\" \/>\n\t<meta property=\"og:image:width\" content=\"1600\" \/>\n\t<meta property=\"og:image:height\" content=\"1200\" \/>\n\t<meta property=\"og:image:type\" content=\"image\/jpeg\" \/>\n<meta name=\"author\" content=\"Maraton Franja\" \/>\n<meta name=\"twitter:card\" content=\"summary_large_image\" \/>\n<meta name=\"twitter:label1\" content=\"Written by\" \/>\n\t<meta name=\"twitter:data1\" content=\"Maraton Franja\" \/>\n\t<meta name=\"twitter:label2\" content=\"Est. reading time\" \/>\n\t<meta name=\"twitter:data2\" content=\"1 minute\" \/>\n<script type=\"application\/ld+json\" class=\"yoast-schema-graph\">{\"@context\":\"https:\/\/schema.org\",\"@graph\":[{\"@type\":\"Article\",\"@id\":\"https:\/\/franja.org\/en\/handover-of-rudi-valencics-bicycle\/#article\",\"isPartOf\":{\"@id\":\"https:\/\/franja.org\/en\/handover-of-rudi-valencics-bicycle\/\"},\"author\":{\"name\":\"Maraton Franja\",\"@id\":\"https:\/\/franja.org\/en\/#\/schema\/person\/df1956065d8a08e1c1b5debc0514142c\"},\"headline\":\"Handover of Rudi Valen\u010di\u010d&#8217;s bicycle\",\"datePublished\":\"2025-02-08T18:12:41+00:00\",\"dateModified\":\"2025-02-08T18:12:42+00:00\",\"mainEntityOfPage\":{\"@id\":\"https:\/\/franja.org\/en\/handover-of-rudi-valencics-bicycle\/\"},\"wordCount\":69,\"image\":{\"@id\":\"https:\/\/franja.org\/en\/handover-of-rudi-valencics-bicycle\/#primaryimage\"},\"thumbnailUrl\":\"https:\/\/franja.org\/wp-content\/uploads\/2025\/02\/476462554_1119668066624818_8731958585685878071_n.jpg\",\"articleSection\":[\"News\"],\"inLanguage\":\"en-US\"},{\"@type\":\"WebPage\",\"@id\":\"https:\/\/franja.org\/en\/handover-of-rudi-valencics-bicycle\/\",\"url\":\"https:\/\/franja.org\/en\/handover-of-rudi-valencics-bicycle\/\",\"name\":\"Handover of Rudi Valen\u010di\u010d's bicycle - Maraton Franja\",\"isPartOf\":{\"@id\":\"https:\/\/franja.org\/en\/#website\"},\"primaryImageOfPage\":{\"@id\":\"https:\/\/franja.org\/en\/handover-of-rudi-valencics-bicycle\/#primaryimage\"},\"image\":{\"@id\":\"https:\/\/franja.org\/en\/handover-of-rudi-valencics-bicycle\/#primaryimage\"},\"thumbnailUrl\":\"https:\/\/franja.org\/wp-content\/uploads\/2025\/02\/476462554_1119668066624818_8731958585685878071_n.jpg\",\"datePublished\":\"2025-02-08T18:12:41+00:00\",\"dateModified\":\"2025-02-08T18:12:42+00:00\",\"author\":{\"@id\":\"https:\/\/franja.org\/en\/#\/schema\/person\/df1956065d8a08e1c1b5debc0514142c\"},\"breadcrumb\":{\"@id\":\"https:\/\/franja.org\/en\/handover-of-rudi-valencics-bicycle\/#breadcrumb\"},\"inLanguage\":\"en-US\",\"potentialAction\":[{\"@type\":\"ReadAction\",\"target\":[\"https:\/\/franja.org\/en\/handover-of-rudi-valencics-bicycle\/\"]}]},{\"@type\":\"ImageObject\",\"inLanguage\":\"en-US\",\"@id\":\"https:\/\/franja.org\/en\/handover-of-rudi-valencics-bicycle\/#primaryimage\",\"url\":\"https:\/\/franja.org\/wp-content\/uploads\/2025\/02\/476462554_1119668066624818_8731958585685878071_n.jpg\",\"contentUrl\":\"https:\/\/franja.org\/wp-content\/uploads\/2025\/02\/476462554_1119668066624818_8731958585685878071_n.jpg\",\"width\":1600,\"height\":1200},{\"@type\":\"BreadcrumbList\",\"@id\":\"https:\/\/franja.org\/en\/handover-of-rudi-valencics-bicycle\/#breadcrumb\",\"itemListElement\":[{\"@type\":\"ListItem\",\"position\":1,\"name\":\"Home\",\"item\":\"https:\/\/franja.org\/en\/\"},{\"@type\":\"ListItem\",\"position\":2,\"name\":\"Handover of Rudi Valen\u010di\u010d&#8217;s bicycle\"}]},{\"@type\":\"WebSite\",\"@id\":\"https:\/\/franja.org\/en\/#website\",\"url\":\"https:\/\/franja.org\/en\/\",\"name\":\"Maraton Franja\",\"description\":\"Najve\u010dji slovenski kolesarski maraton\",\"potentialAction\":[{\"@type\":\"SearchAction\",\"target\":{\"@type\":\"EntryPoint\",\"urlTemplate\":\"https:\/\/franja.org\/en\/?s={search_term_string}\"},\"query-input\":{\"@type\":\"PropertyValueSpecification\",\"valueRequired\":true,\"valueName\":\"search_term_string\"}}],\"inLanguage\":\"en-US\"},{\"@type\":\"Person\",\"@id\":\"https:\/\/franja.org\/en\/#\/schema\/person\/df1956065d8a08e1c1b5debc0514142c\",\"name\":\"Maraton Franja\",\"image\":{\"@type\":\"ImageObject\",\"inLanguage\":\"en-US\",\"@id\":\"https:\/\/secure.gravatar.com\/avatar\/0434be541698b86f13c901a57b8dea0bd440ae50dca52a00d4a291d48de76527?s=96&d=mm&r=g\",\"url\":\"https:\/\/secure.gravatar.com\/avatar\/0434be541698b86f13c901a57b8dea0bd440ae50dca52a00d4a291d48de76527?s=96&d=mm&r=g\",\"contentUrl\":\"https:\/\/secure.gravatar.com\/avatar\/0434be541698b86f13c901a57b8dea0bd440ae50dca52a00d4a291d48de76527?s=96&d=mm&r=g\",\"caption\":\"Maraton Franja\"},\"url\":\"https:\/\/franja.org\/en\/author\/maraton-franja\/\"}]}<\/script>\n<!-- \/ Yoast SEO plugin. -->","yoast_head_json":{"title":"Handover of Rudi Valen\u010di\u010d's bicycle - Maraton Franja","robots":{"index":"index","follow":"follow","max-snippet":"max-snippet:-1","max-image-preview":"max-image-preview:large","max-video-preview":"max-video-preview:-1"},"canonical":"https:\/\/franja.org\/en\/handover-of-rudi-valencics-bicycle\/","og_locale":"en_US","og_type":"article","og_title":"Handover of Rudi Valen\u010di\u010d's bicycle - Maraton Franja","og_description":"Rudi Valen\u010di\u010d, the &#8220;eagle from Pivka,&#8221; began with competitive cycling in 1960 as a member of the Cycling Club Rog. Today, the bicycle he used in the 1968 Olympic Games in Mexico was set on display at the National Museum of Contemporary History of Slovenia. Rudi is a great legend for Slovenian cycling with 163 [&hellip;]","og_url":"https:\/\/franja.org\/en\/handover-of-rudi-valencics-bicycle\/","og_site_name":"Maraton Franja","article_published_time":"2025-02-08T18:12:41+00:00","article_modified_time":"2025-02-08T18:12:42+00:00","og_image":[{"width":1600,"height":1200,"url":"https:\/\/franja.org\/wp-content\/uploads\/2025\/02\/476462554_1119668066624818_8731958585685878071_n.jpg","type":"image\/jpeg"}],"author":"Maraton Franja","twitter_card":"summary_large_image","twitter_misc":{"Written by":"Maraton Franja","Est. reading time":"1 minute"},"schema":{"@context":"https:\/\/schema.org","@graph":[{"@type":"Article","@id":"https:\/\/franja.org\/en\/handover-of-rudi-valencics-bicycle\/#article","isPartOf":{"@id":"https:\/\/franja.org\/en\/handover-of-rudi-valencics-bicycle\/"},"author":{"name":"Maraton Franja","@id":"https:\/\/franja.org\/en\/#\/schema\/person\/df1956065d8a08e1c1b5debc0514142c"},"headline":"Handover of Rudi Valen\u010di\u010d&#8217;s bicycle","datePublished":"2025-02-08T18:12:41+00:00","dateModified":"2025-02-08T18:12:42+00:00","mainEntityOfPage":{"@id":"https:\/\/franja.org\/en\/handover-of-rudi-valencics-bicycle\/"},"wordCount":69,"image":{"@id":"https:\/\/franja.org\/en\/handover-of-rudi-valencics-bicycle\/#primaryimage"},"thumbnailUrl":"https:\/\/franja.org\/wp-content\/uploads\/2025\/02\/476462554_1119668066624818_8731958585685878071_n.jpg","articleSection":["News"],"inLanguage":"en-US"},{"@type":"WebPage","@id":"https:\/\/franja.org\/en\/handover-of-rudi-valencics-bicycle\/","url":"https:\/\/franja.org\/en\/handover-of-rudi-valencics-bicycle\/","name":"Handover of Rudi Valen\u010di\u010d's bicycle - Maraton Franja","isPartOf":{"@id":"https:\/\/franja.org\/en\/#website"},"primaryImageOfPage":{"@id":"https:\/\/franja.org\/en\/handover-of-rudi-valencics-bicycle\/#primaryimage"},"image":{"@id":"https:\/\/franja.org\/en\/handover-of-rudi-valencics-bicycle\/#primaryimage"},"thumbnailUrl":"https:\/\/franja.org\/wp-content\/uploads\/2025\/02\/476462554_1119668066624818_8731958585685878071_n.jpg","datePublished":"2025-02-08T18:12:41+00:00","dateModified":"2025-02-08T18:12:42+00:00","author":{"@id":"https:\/\/franja.org\/en\/#\/schema\/person\/df1956065d8a08e1c1b5debc0514142c"},"breadcrumb":{"@id":"https:\/\/franja.org\/en\/handover-of-rudi-valencics-bicycle\/#breadcrumb"},"inLanguage":"en-US","potentialAction":[{"@type":"ReadAction","target":["https:\/\/franja.org\/en\/handover-of-rudi-valencics-bicycle\/"]}]},{"@type":"ImageObject","inLanguage":"en-US","@id":"https:\/\/franja.org\/en\/handover-of-rudi-valencics-bicycle\/#primaryimage","url":"https:\/\/franja.org\/wp-content\/uploads\/2025\/02\/476462554_1119668066624818_8731958585685878071_n.jpg","contentUrl":"https:\/\/franja.org\/wp-content\/uploads\/2025\/02\/476462554_1119668066624818_8731958585685878071_n.jpg","width":1600,"height":1200},{"@type":"BreadcrumbList","@id":"https:\/\/franja.org\/en\/handover-of-rudi-valencics-bicycle\/#breadcrumb","itemListElement":[{"@type":"ListItem","position":1,"name":"Home","item":"https:\/\/franja.org\/en\/"},{"@type":"ListItem","position":2,"name":"Handover of Rudi Valen\u010di\u010d&#8217;s bicycle"}]},{"@type":"WebSite","@id":"https:\/\/franja.org\/en\/#website","url":"https:\/\/franja.org\/en\/","name":"Maraton Franja","description":"Najve\u010dji slovenski kolesarski maraton","potentialAction":[{"@type":"SearchAction","target":{"@type":"EntryPoint","urlTemplate":"https:\/\/franja.org\/en\/?s={search_term_string}"},"query-input":{"@type":"PropertyValueSpecification","valueRequired":true,"valueName":"search_term_string"}}],"inLanguage":"en-US"},{"@type":"Person","@id":"https:\/\/franja.org\/en\/#\/schema\/person\/df1956065d8a08e1c1b5debc0514142c","name":"Maraton Franja","image":{"@type":"ImageObject","inLanguage":"en-US","@id":"https:\/\/secure.gravatar.com\/avatar\/0434be541698b86f13c901a57b8dea0bd440ae50dca52a00d4a291d48de76527?s=96&d=mm&r=g","url":"https:\/\/secure.gravatar.com\/avatar\/0434be541698b86f13c901a57b8dea0bd440ae50dca52a00d4a291d48de76527?s=96&d=mm&r=g","contentUrl":"https:\/\/secure.gravatar.com\/avatar\/0434be541698b86f13c901a57b8dea0bd440ae50dca52a00d4a291d48de76527?s=96&d=mm&r=g","caption":"Maraton Franja"},"url":"https:\/\/franja.org\/en\/author\/maraton-franja\/"}]}},"uagb_featured_image_src":{"full":["https:\/\/franja.org\/wp-content\/uploads\/2025\/02\/476462554_1119668066624818_8731958585685878071_n.jpg",1600,1200,false],"thumbnail":["https:\/\/franja.org\/wp-content\/uploads\/2025\/02\/476462554_1119668066624818_8731958585685878071_n-150x150.jpg",150,150,true],"medium":["https:\/\/franja.org\/wp-content\/uploads\/2025\/02\/476462554_1119668066624818_8731958585685878071_n-520x390.jpg",520,390,true],"medium_large":["https:\/\/franja.org\/wp-content\/uploads\/2025\/02\/476462554_1119668066624818_8731958585685878071_n-768x576.jpg",768,576,true],"large":["https:\/\/franja.org\/wp-content\/uploads\/2025\/02\/476462554_1119668066624818_8731958585685878071_n-1200x900.jpg",1200,900,true],"1536x1536":["https:\/\/franja.org\/wp-content\/uploads\/2025\/02\/476462554_1119668066624818_8731958585685878071_n-1536x1152.jpg",1536,1152,true],"2048x2048":["https:\/\/franja.org\/wp-content\/uploads\/2025\/02\/476462554_1119668066624818_8731958585685878071_n.jpg",1600,1200,false],"tp-image-grid":["https:\/\/franja.org\/wp-content\/uploads\/2025\/02\/476462554_1119668066624818_8731958585685878071_n-700x700.jpg",700,700,true],"lshowcase-thumb":["https:\/\/franja.org\/wp-content\/uploads\/2025\/02\/476462554_1119668066624818_8731958585685878071_n-200x150.jpg",200,150,true]},"uagb_author_info":{"display_name":"Maraton Franja","author_link":"https:\/\/franja.org\/en\/author\/maraton-franja\/"},"uagb_comment_info":0,"uagb_excerpt":"Rudi Valen\u010di\u010d, the &#8220;eagle from Pivka,&#8221; began with competitive cycling in 1960 as a member of the Cycling Club Rog. Today, the bicycle he used in the 1968 Olympic Games in Mexico was set on display at the National Museum of Contemporary History of Slovenia. Rudi is a great legend for Slovenian cycling with 163&hellip;","_links":{"self":[{"href":"https:\/\/franja.org\/en\/wp-json\/wp\/v2\/posts\/23405","targetHints":{"allow":["GET"]}}],"collection":[{"href":"https:\/\/franja.org\/en\/wp-json\/wp\/v2\/posts"}],"about":[{"href":"https:\/\/franja.org\/en\/wp-json\/wp\/v2\/types\/post"}],"author":[{"embeddable":true,"href":"https:\/\/franja.org\/en\/wp-json\/wp\/v2\/users\/3"}],"replies":[{"embeddable":true,"href":"https:\/\/franja.org\/en\/wp-json\/wp\/v2\/comments?post=23405"}],"version-history":[{"count":1,"href":"https:\/\/franja.org\/en\/wp-json\/wp\/v2\/posts\/23405\/revisions"}],"predecessor-version":[{"id":23406,"href":"https:\/\/franja.org\/en\/wp-json\/wp\/v2\/posts\/23405\/revisions\/23406"}],"wp:featuredmedia":[{"embeddable":true,"href":"https:\/\/franja.org\/en\/wp-json\/wp\/v2\/media\/23403"}],"wp:attachment":[{"href":"https:\/\/franja.org\/en\/wp-json\/wp\/v2\/media?parent=23405"}],"wp:term":[{"taxonomy":"category","embeddable":true,"href":"https:\/\/franja.org\/en\/wp-json\/wp\/v2\/categories?post=23405"},{"taxonomy":"post_tag","embeddable":true,"href":"https:\/\/franja.org\/en\/wp-json\/wp\/v2\/tags?post=23405"}],"curies":[{"name":"wp","href":"https:\/\/api.w.org\/{rel}","templated":true}]}}